{"id":355,"date":"2024-07-01T09:35:39","date_gmt":"2024-07-01T12:35:39","guid":{"rendered":"https:\/\/coelealcira.com.ar\/Site\/?p=355"},"modified":"2024-07-01T09:35:39","modified_gmt":"2024-07-01T12:35:39","slug":"%e2%9a%a0-informacion-importante-segmentacion-energetica","status":"publish","type":"post","link":"https:\/\/coelealcira.com.ar\/Site\/%e2%9a%a0-informacion-importante-segmentacion-energetica\/","title":{"rendered":"\u26a0 Informaci\u00f3n importante: segmentaci\u00f3n energ\u00e9tica."},"content":{"rendered":"\n<p>\u26a0 Informaci\u00f3n importante: segmentaci\u00f3n energ\u00e9tica.<br>\ud83d\udc49 Les recordamos a los usuarios que es muy importante que realicen el tr\u00e1mite de inscripci\u00f3n al Registro de Acceso a los Subsidios a la Energ\u00eda (RASE) a trav\u00e9s de la p\u00e1gina que aparece detallada en las im\u00e1genes.<br>\ud83d\udc49 Aquellos usuarios de la Tarifa Social Provincial (previamente incluidos de manera autom\u00e1tica en el RASE) deber\u00e1n realizar el tr\u00e1mite antes del 31 de julio para no ser recategorizados.<br>\u26a0 Recordamos que los aumentos tarifarios en el servicio energ\u00e9tico corresponden a disposiciones de la Secretar\u00eda de Energ\u00eda de la Naci\u00f3n.<br>\ud83d\udc65 Ante cualquier consulta, estamos a su disposici\u00f3n.<\/p>\n\n\n\n<figure class=\"wp-block-gallery has-nested-images columns-default is-cropped wp-block-gallery-1 is-layout-flex wp-block-gallery-is-layout-flex\">\n<figure class=\"wp-block-image size-full\"><a href=\"https:\/\/coelealcira.com.ar\/Site\/wp-content\/uploads\/2024\/07\/449165854_1015811277215107_7148347306684219858_n.jpg\"><img fetchpriority=\"high\" decoding=\"async\" width=\"480\" height=\"600\" data-id=\"351\" src=\"https:\/\/coelealcira.com.ar\/Site\/wp-content\/uploads\/2024\/07\/449165854_1015811277215107_7148347306684219858_n.jpg\" alt=\"\" class=\"wp-image-351\" srcset=\"https:\/\/coelealcira.com.ar\/Site\/wp-content\/uploads\/2024\/07\/449165854_1015811277215107_7148347306684219858_n.jpg 480w, https:\/\/coelealcira.com.ar\/Site\/wp-content\/uploads\/2024\/07\/449165854_1015811277215107_7148347306684219858_n-240x300.jpg 240w, https:\/\/coelealcira.com.ar\/Site\/wp-content\/uploads\/2024\/07\/449165854_1015811277215107_7148347306684219858_n-19x24.jpg 19w, https:\/\/coelealcira.com.ar\/Site\/wp-content\/uploads\/2024\/07\/449165854_1015811277215107_7148347306684219858_n-29x36.jpg 29w, https:\/\/coelealcira.com.ar\/Site\/wp-content\/uploads\/2024\/07\/449165854_1015811277215107_7148347306684219858_n-38x48.jpg 38w\" sizes=\"(max-width: 480px) 100vw, 480px\" \/><\/a><\/figure>\n\n\n\n<figure class=\"wp-block-image size-full\"><a href=\"https:\/\/coelealcira.com.ar\/Site\/wp-content\/uploads\/2024\/07\/449343404_1015811297215105_9015750519339572457_n.jpg\"><img decoding=\"async\" width=\"1080\" height=\"1350\" data-id=\"352\" src=\"https:\/\/coelealcira.com.ar\/Site\/wp-content\/uploads\/2024\/07\/449343404_1015811297215105_9015750519339572457_n.jpg\" alt=\"\" class=\"wp-image-352\" srcset=\"https:\/\/coelealcira.com.ar\/Site\/wp-content\/uploads\/2024\/07\/449343404_1015811297215105_9015750519339572457_n.jpg 1080w, https:\/\/coelealcira.com.ar\/Site\/wp-content\/uploads\/2024\/07\/449343404_1015811297215105_9015750519339572457_n-240x300.jpg 240w, https:\/\/coelealcira.com.ar\/Site\/wp-content\/uploads\/2024\/07\/449343404_1015811297215105_9015750519339572457_n-819x1024.jpg 819w, https:\/\/coelealcira.com.ar\/Site\/wp-content\/uploads\/2024\/07\/449343404_1015811297215105_9015750519339572457_n-768x960.jpg 768w, https:\/\/coelealcira.com.ar\/Site\/wp-content\/uploads\/2024\/07\/449343404_1015811297215105_9015750519339572457_n-19x24.jpg 19w, https:\/\/coelealcira.com.ar\/Site\/wp-content\/uploads\/2024\/07\/449343404_1015811297215105_9015750519339572457_n-29x36.jpg 29w, https:\/\/coelealcira.com.ar\/Site\/wp-content\/uploads\/2024\/07\/449343404_1015811297215105_9015750519339572457_n-38x48.jpg 38w\" sizes=\"(max-width: 1080px) 100vw, 1080px\" \/><\/a><\/figure>\n<\/figure>\n","protected":false},"excerpt":{"rendered":"<p>\u26a0 Informaci\u00f3n importante: segmentaci\u00f3n energ\u00e9tica.\ud83d\udc49 Les recordamos a los usuarios que es muy importante que realicen el tr\u00e1mite de inscripci\u00f3n al Registro de Acceso a los Subsidios a la Energ\u00eda (RASE) a trav\u00e9s de la p\u00e1gina que aparece detallada en las im\u00e1genes.\ud83d\udc49 Aquellos usuarios de la Tarifa Social Provincial (previamente incluidos de manera autom\u00e1tica en [&hellip;]<\/p>\n","protected":false},"author":1,"featured_media":351,"comment_status":"open","ping_status":"open","sticky":false,"template":"","format":"standard","meta":{"footnotes":""},"categories":[1],"tags":[],"class_list":["post-355","post","type-post","status-publish","format-standard","has-post-thumbnail","hentry","category-sin-categoria"],"_links":{"self":[{"href":"https:\/\/coelealcira.com.ar\/Site\/wp-json\/wp\/v2\/posts\/355","targetHints":{"allow":["GET"]}}],"collection":[{"href":"https:\/\/coelealcira.com.ar\/Site\/wp-json\/wp\/v2\/posts"}],"about":[{"href":"https:\/\/coelealcira.com.ar\/Site\/wp-json\/wp\/v2\/types\/post"}],"author":[{"embeddable":true,"href":"https:\/\/coelealcira.com.ar\/Site\/wp-json\/wp\/v2\/users\/1"}],"replies":[{"embeddable":true,"href":"https:\/\/coelealcira.com.ar\/Site\/wp-json\/wp\/v2\/comments?post=355"}],"version-history":[{"count":1,"href":"https:\/\/coelealcira.com.ar\/Site\/wp-json\/wp\/v2\/posts\/355\/revisions"}],"predecessor-version":[{"id":356,"href":"https:\/\/coelealcira.com.ar\/Site\/wp-json\/wp\/v2\/posts\/355\/revisions\/356"}],"wp:featuredmedia":[{"embeddable":true,"href":"https:\/\/coelealcira.com.ar\/Site\/wp-json\/wp\/v2\/media\/351"}],"wp:attachment":[{"href":"https:\/\/coelealcira.com.ar\/Site\/wp-json\/wp\/v2\/media?parent=355"}],"wp:term":[{"taxonomy":"category","embeddable":true,"href":"https:\/\/coelealcira.com.ar\/Site\/wp-json\/wp\/v2\/categories?post=355"},{"taxonomy":"post_tag","embeddable":true,"href":"https:\/\/coelealcira.com.ar\/Site\/wp-json\/wp\/v2\/tags?post=355"}],"curies":[{"name":"wp","href":"https:\/\/api.w.org\/{rel}","templated":true}]}}